{"id":2001,"date":"2026-01-27T12:32:15","date_gmt":"2026-01-27T16:32:15","guid":{"rendered":"https:\/\/editorialpueblo.com\/?p=2001"},"modified":"2026-01-27T13:36:08","modified_gmt":"2026-01-27T17:36:08","slug":"convocatoria-a-licitacion-para-el-arrendamiento-de-vehiculos","status":"publish","type":"post","link":"https:\/\/editorialpueblo.com\/index.php\/2026\/01\/27\/convocatoria-a-licitacion-para-el-arrendamiento-de-vehiculos\/","title":{"rendered":"Convocatoria a Licitaci\u00f3n para el Arrendamiento de Veh\u00edculos"},"content":{"rendered":"\n<figure class=\"wp-block-image size-full\"><img fetchpriority=\"high\" decoding=\"async\" width=\"1024\" height=\"1024\" src=\"https:\/\/editorialpueblo.com\/wp-content\/uploads\/2026\/01\/ChatGPT-Image-27-ene-2026-10_57_29.png\" alt=\"\" class=\"wp-image-2002\" style=\"aspect-ratio:16\/9;object-fit:cover\" srcset=\"https:\/\/editorialpueblo.com\/wp-content\/uploads\/2026\/01\/ChatGPT-Image-27-ene-2026-10_57_29.png 1024w, https:\/\/editorialpueblo.com\/wp-content\/uploads\/2026\/01\/ChatGPT-Image-27-ene-2026-10_57_29-300x300.png 300w, https:\/\/editorialpueblo.com\/wp-content\/uploads\/2026\/01\/ChatGPT-Image-27-ene-2026-10_57_29-150x150.png 150w, https:\/\/editorialpueblo.com\/wp-content\/uploads\/2026\/01\/ChatGPT-Image-27-ene-2026-10_57_29-768x768.png 768w, https:\/\/editorialpueblo.com\/wp-content\/uploads\/2026\/01\/ChatGPT-Image-27-ene-2026-10_57_29-100x100.png 100w, https:\/\/editorialpueblo.com\/wp-content\/uploads\/2026\/01\/ChatGPT-Image-27-ene-2026-10_57_29-200x200.png 200w, https:\/\/editorialpueblo.com\/wp-content\/uploads\/2026\/01\/ChatGPT-Image-27-ene-2026-10_57_29-400x400.png 400w, https:\/\/editorialpueblo.com\/wp-content\/uploads\/2026\/01\/ChatGPT-Image-27-ene-2026-10_57_29-500x500.png 500w, https:\/\/editorialpueblo.com\/wp-content\/uploads\/2026\/01\/ChatGPT-Image-27-ene-2026-10_57_29-600x600.png 600w\" sizes=\"(max-width: 1024px) 100vw, 1024px\" \/><\/figure>\n\n\n\n<p style=\"font-size:17px\">En cumplimiento de lo establecido, la <strong>EMPRESA EDITORIAL PUEBLO Y EDUCACI\u00d3N<\/strong> convoca a <strong>licitaci\u00f3n p\u00fablica para el arrendamiento de veh\u00edculos disponibles en su parque automotor<\/strong>, con el objetivo de fomentar alianzas estrat\u00e9gicas, optimizar el uso de sus activos y generar oportunidades de negocio sostenibles.<\/p>\n\n\n\n<h2 class=\"wp-block-heading\" style=\"font-size:24px\">Objeto de la licitaci\u00f3n<\/h2>\n\n\n\n<p>El objeto de la presente licitaci\u00f3n es el <strong>arrendamiento de veh\u00edculos pertenecientes al parque automotor de la Empresa Editorial Pueblo y Educaci\u00f3n<\/strong>, destinados a actividades comerciales, de servicios, institucionales o log\u00edsticas, conforme a las condiciones t\u00e9cnicas y econ\u00f3micas que se establecen en la presente convocatoria.<\/p>\n\n\n\n<h2 class=\"wp-block-heading\">Plazo de duraci\u00f3n de la licitaci\u00f3n<\/h2>\n\n\n\n<p>El proceso de licitaci\u00f3n tendr\u00e1 una duraci\u00f3n de <strong>14 d\u00edas<\/strong> h\u00e1biles, contados a partir de la fecha de publicaci\u00f3n de la presente convocatoria.<\/p>\n\n\n\n<h2 class=\"wp-block-heading\">Locales y Condiciones<\/h2>\n\n\n\n<h3 class=\"wp-block-heading\">Veh\u00edculos disponibles<\/h3>\n\n\n\n<p>La Empresa Editorial Pueblo y Educaci\u00f3n pone a disposici\u00f3n para su arrendamiento los siguientes veh\u00edculos:<\/p>\n\n\n\n<ul class=\"wp-block-list\">\n<li><strong>Chapa:<\/strong> B183502<br><strong>Clase:<\/strong> Auto de paseo<br><strong>Marca \/ Modelo:<\/strong> FIAT Palio<br><strong>Estado t\u00e9cnico:<\/strong> Presenta problemas en el motor<br><strong>Precio m\u00ednimo de referencia:<\/strong> 50 000 CUP<\/li>\n<\/ul>\n\n\n\n<figure class=\"wp-block-image size-large\"><img decoding=\"async\" width=\"576\" height=\"1024\" src=\"https:\/\/editorialpueblo.com\/wp-content\/uploads\/2026\/01\/WhatsApp-Image-2026-01-27-at-12.05.30-576x1024.jpeg\" alt=\"\" class=\"wp-image-2010\" srcset=\"https:\/\/editorialpueblo.com\/wp-content\/uploads\/2026\/01\/WhatsApp-Image-2026-01-27-at-12.05.30-576x1024.jpeg 576w, https:\/\/editorialpueblo.com\/wp-content\/uploads\/2026\/01\/WhatsApp-Image-2026-01-27-at-12.05.30-169x300.jpeg 169w, https:\/\/editorialpueblo.com\/wp-content\/uploads\/2026\/01\/WhatsApp-Image-2026-01-27-at-12.05.30-768x1365.jpeg 768w, https:\/\/editorialpueblo.com\/wp-content\/uploads\/2026\/01\/WhatsApp-Image-2026-01-27-at-12.05.30-864x1536.jpeg 864w, https:\/\/editorialpueblo.com\/wp-content\/uploads\/2026\/01\/WhatsApp-Image-2026-01-27-at-12.05.30-1152x2048.jpeg 1152w, https:\/\/editorialpueblo.com\/wp-content\/uploads\/2026\/01\/WhatsApp-Image-2026-01-27-at-12.05.30-1320x2347.jpeg 1320w, https:\/\/editorialpueblo.com\/wp-content\/uploads\/2026\/01\/WhatsApp-Image-2026-01-27-at-12.05.30-600x1067.jpeg 600w, https:\/\/editorialpueblo.com\/wp-content\/uploads\/2026\/01\/WhatsApp-Image-2026-01-27-at-12.05.30.jpeg 1440w\" sizes=\"(max-width: 576px) 100vw, 576px\" \/><\/figure>\n\n\n\n<ul class=\"wp-block-list\">\n<li><strong>Chapa:<\/strong> B166158<br><strong>Clase:<\/strong> Auto de paseo<br><strong>Marca \/ Modelo:<\/strong> Daewoo Tico<br><strong>Estado t\u00e9cnico:<\/strong> Presenta problemas en la carrocer\u00eda y en la mec\u00e1nica<br><strong>Precio m\u00ednimo de referencia:<\/strong> 40 000 CUP<\/li>\n<\/ul>\n\n\n\n<figure class=\"wp-block-image size-large\"><img decoding=\"async\" width=\"1024\" height=\"576\" src=\"https:\/\/editorialpueblo.com\/wp-content\/uploads\/2026\/01\/WhatsApp-Image-2026-01-27-at-12.06.04-1024x576.jpeg\" alt=\"\" class=\"wp-image-2011\" srcset=\"https:\/\/editorialpueblo.com\/wp-content\/uploads\/2026\/01\/WhatsApp-Image-2026-01-27-at-12.06.04-1024x576.jpeg 1024w, https:\/\/editorialpueblo.com\/wp-content\/uploads\/2026\/01\/WhatsApp-Image-2026-01-27-at-12.06.04-300x169.jpeg 300w, https:\/\/editorialpueblo.com\/wp-content\/uploads\/2026\/01\/WhatsApp-Image-2026-01-27-at-12.06.04-768x432.jpeg 768w, https:\/\/editorialpueblo.com\/wp-content\/uploads\/2026\/01\/WhatsApp-Image-2026-01-27-at-12.06.04-1536x864.jpeg 1536w, https:\/\/editorialpueblo.com\/wp-content\/uploads\/2026\/01\/WhatsApp-Image-2026-01-27-at-12.06.04-2048x1152.jpeg 2048w, https:\/\/editorialpueblo.com\/wp-content\/uploads\/2026\/01\/WhatsApp-Image-2026-01-27-at-12.06.04-1320x743.jpeg 1320w, https:\/\/editorialpueblo.com\/wp-content\/uploads\/2026\/01\/WhatsApp-Image-2026-01-27-at-12.06.04-600x338.jpeg 600w\" sizes=\"(max-width: 1024px) 100vw, 1024px\" \/><\/figure>\n\n\n\n<ul class=\"wp-block-list\">\n<li><strong>Chapa:<\/strong> B229209<br><strong>Clase:<\/strong> Panel comercial<br><strong>Marca \/ Modelo:<\/strong> Peugeot Boxer<br><strong>Estado t\u00e9cnico:<\/strong> Presenta problemas en la carrocer\u00eda y en la mec\u00e1nica<br><strong>Precio m\u00ednimo de referencia:<\/strong> 50 000 CUP<\/li>\n<\/ul>\n\n\n\n<figure class=\"wp-block-image size-large\"><img loading=\"lazy\" decoding=\"async\" width=\"1024\" height=\"576\" src=\"https:\/\/editorialpueblo.com\/wp-content\/uploads\/2026\/01\/WhatsApp-Image-2026-01-27-at-12.06.02-1024x576.jpeg\" alt=\"\" class=\"wp-image-2012\" srcset=\"https:\/\/editorialpueblo.com\/wp-content\/uploads\/2026\/01\/WhatsApp-Image-2026-01-27-at-12.06.02-1024x576.jpeg 1024w, https:\/\/editorialpueblo.com\/wp-content\/uploads\/2026\/01\/WhatsApp-Image-2026-01-27-at-12.06.02-300x169.jpeg 300w, https:\/\/editorialpueblo.com\/wp-content\/uploads\/2026\/01\/WhatsApp-Image-2026-01-27-at-12.06.02-768x432.jpeg 768w, https:\/\/editorialpueblo.com\/wp-content\/uploads\/2026\/01\/WhatsApp-Image-2026-01-27-at-12.06.02-1536x864.jpeg 1536w, https:\/\/editorialpueblo.com\/wp-content\/uploads\/2026\/01\/WhatsApp-Image-2026-01-27-at-12.06.02-2048x1152.jpeg 2048w, https:\/\/editorialpueblo.com\/wp-content\/uploads\/2026\/01\/WhatsApp-Image-2026-01-27-at-12.06.02-1320x743.jpeg 1320w, https:\/\/editorialpueblo.com\/wp-content\/uploads\/2026\/01\/WhatsApp-Image-2026-01-27-at-12.06.02-600x338.jpeg 600w\" sizes=\"(max-width: 1024px) 100vw, 1024px\" \/><\/figure>\n\n\n\n<ul class=\"wp-block-list\">\n<li><strong>Chapa:<\/strong> B022376<br><strong>Clase:<\/strong> Jeep rural<br><strong>Marca \/ Modelo:<\/strong> Mitsubishi Nativa<br><strong>Estado t\u00e9cnico:<\/strong> Completamente funcional<br><strong>Precio m\u00ednimo de referencia:<\/strong> 100 000 CUP<\/li>\n<\/ul>\n\n\n\n<figure class=\"wp-block-image size-large\"><img loading=\"lazy\" decoding=\"async\" width=\"1024\" height=\"767\" src=\"https:\/\/editorialpueblo.com\/wp-content\/uploads\/2026\/01\/WhatsApp-Image-2026-01-27-at-12.34.06-1024x767.jpeg\" alt=\"\" class=\"wp-image-2014\" srcset=\"https:\/\/editorialpueblo.com\/wp-content\/uploads\/2026\/01\/WhatsApp-Image-2026-01-27-at-12.34.06-1024x767.jpeg 1024w, https:\/\/editorialpueblo.com\/wp-content\/uploads\/2026\/01\/WhatsApp-Image-2026-01-27-at-12.34.06-300x225.jpeg 300w, https:\/\/editorialpueblo.com\/wp-content\/uploads\/2026\/01\/WhatsApp-Image-2026-01-27-at-12.34.06-768x575.jpeg 768w, https:\/\/editorialpueblo.com\/wp-content\/uploads\/2026\/01\/WhatsApp-Image-2026-01-27-at-12.34.06-600x449.jpeg 600w, https:\/\/editorialpueblo.com\/wp-content\/uploads\/2026\/01\/WhatsApp-Image-2026-01-27-at-12.34.06.jpeg 1080w\" sizes=\"(max-width: 1024px) 100vw, 1024px\" \/><\/figure>\n\n\n\n<h3 class=\"wp-block-heading\">Condiciones t\u00e9cnicas<\/h3>\n\n\n\n<ul class=\"wp-block-list\">\n<li>Los veh\u00edculos se arrendar\u00e1n <strong>en el estado t\u00e9cnico en que se encuentran<\/strong>, el cual ha sido informado de manera transparente en la presente convocatoria.<\/li>\n\n\n\n<li>Los interesados declaran conocer y aceptar el estado t\u00e9cnico de los veh\u00edculos al momento de presentar su oferta.<\/li>\n\n\n\n<li>El arrendatario ser\u00e1 responsable del uso adecuado del veh\u00edculo y del cumplimiento de las normas de tr\u00e1nsito y seguridad vial durante el per\u00edodo de arrendamiento.<\/li>\n<\/ul>\n\n\n\n<h3 class=\"wp-block-heading\">Condiciones econ\u00f3micas<\/h3>\n\n\n\n<ul class=\"wp-block-list\">\n<li>Los <strong>precios establecidos constituyen valores m\u00ednimos de referencia<\/strong>.<\/li>\n\n\n\n<li>Los oferentes <strong>podr\u00e1n presentar ofertas econ\u00f3micas superiores<\/strong> a dichos valores, las cuales ser\u00e1n evaluadas conforme a los criterios de conveniencia econ\u00f3mica y viabilidad establecidos por la entidad.<\/li>\n\n\n\n<li>Las ofertas deber\u00e1n expresar con claridad el <strong>monto propuesto de arrendamiento<\/strong>, en CUP.<\/li>\n<\/ul>\n\n\n\n<h2 class=\"wp-block-heading\">Derechos y obligaciones esenciales<\/h2>\n\n\n\n<p>No se permitir\u00e1 la <strong>cesi\u00f3n ni el subarrendamiento<\/strong> de los veh\u00edculos sin autorizaci\u00f3n expresa de la entidad arrendadora.<\/p>\n\n\n\n<p>La entidad arrendadora garantiza un <strong>proceso de licitaci\u00f3n transparente<\/strong>, sustentado en la normativa vigente y en un marco contractual claro y confiable.<\/p>\n\n\n\n<p><strong>El arrendatario se compromete a:<\/strong><\/p>\n\n\n\n<p>Utilizar los veh\u00edculos exclusivamente para los fines declarados en su oferta.<\/p>\n\n\n\n<p>Cumplir con todas las obligaciones financieras, t\u00e9cnicas y legales derivadas del contrato.<\/p>\n\n\n\n<p>Asumir la responsabilidad por da\u00f1os, p\u00e9rdidas o uso indebido de los veh\u00edculos durante el per\u00edodo de arrendamiento.<\/p>\n\n\n\n<h2 class=\"wp-block-heading\">Lugar y fecha de entrega de las ofertas<\/h2>\n\n\n\n<p>Las ofertas deber\u00e1n ser entregadas en sobres sellados en <strong>3ra A entre 46 y 60, Miramar, Playa<\/strong>, en la oficina de Gestion Comercial, <strong>hasta el d\u00eda 16 de febrero de 2026 a las 5:00 PM<\/strong>.<\/p>\n\n\n\n<h2 class=\"wp-block-heading\">Lugar, fecha y hora de apertura de sobres<\/h2>\n\n\n\n<p>La apertura de los sobres sellados conteniendo las ofertas se realizar\u00e1 en <strong><strong>3ra A entre 46 y 60, Miramar, Playa<\/strong><\/strong>, el d\u00eda <strong>17 de febrero a las 8:00 AM<\/strong>, en presencia de los representantes designados y de los oferentes que deseen asistir.<\/p>\n\n\n\n<h2 class=\"wp-block-heading\">M\u00e1s informaci\u00f3n <\/h2>\n\n\n\n<p>Comunicate con nuestra Directora de Negocios a trav\u00e9s de el numero <strong>+53 5 9969018<\/strong> o el correo <strong>epueblo@epe.gemined.cu<\/strong><\/p>\n\n\n\n<p><\/p>\n\n\n\n<p><\/p>\n","protected":false},"excerpt":{"rendered":"<p>En cumplimiento de lo establecido, la EMPRESA EDITORIAL PUEBLO Y EDUCACI\u00d3N convoca a licitaci\u00f3n p\u00fablica para el arrendamiento de veh\u00edculos disponibles en su parque automotor, con el objetivo de fomentar alianzas estrat\u00e9gicas, optimizar el uso de sus activos y generar oportunidades de negocio sostenibles. Objeto de la licitaci\u00f3n El objeto de la presente licitaci\u00f3n es [&hellip;]<\/p>\n","protected":false},"author":3,"featured_media":2002,"comment_status":"open","ping_status":"closed","sticky":false,"template":"","format":"standard","meta":{"footnotes":""},"categories":[48],"tags":[],"class_list":["post-2001","post","type-post","status-publish","format-standard","has-post-thumbnail","hentry","category-licitacion-abierta"],"yoast_head":"<!-- This site is optimized with the Yoast SEO plugin v27.4 - https:\/\/yoast.com\/product\/yoast-seo-wordpress\/ -->\n<title>Convocatoria a Licitaci\u00f3n para el Arrendamiento de Veh\u00edculos - Empresa Editorial Pueblo y Educaci\u00f3n<\/title>\n<meta name=\"robots\" content=\"index, follow, max-snippet:-1, max-image-preview:large, max-video-preview:-1\" \/>\n<link rel=\"canonical\" href=\"https:\/\/editorialpueblo.com\/index.php\/2026\/01\/27\/convocatoria-a-licitacion-para-el-arrendamiento-de-vehiculos\/\" \/>\n<meta property=\"og:locale\" content=\"es_ES\" \/>\n<meta property=\"og:type\" content=\"article\" \/>\n<meta property=\"og:title\" content=\"Convocatoria a Licitaci\u00f3n para el Arrendamiento de Veh\u00edculos - Empresa Editorial Pueblo y Educaci\u00f3n\" \/>\n<meta property=\"og:description\" content=\"En cumplimiento de lo establecido, la EMPRESA EDITORIAL PUEBLO Y EDUCACI\u00d3N convoca a licitaci\u00f3n p\u00fablica para el arrendamiento de veh\u00edculos disponibles en su parque automotor, con el objetivo de fomentar alianzas estrat\u00e9gicas, optimizar el uso de sus activos y generar oportunidades de negocio sostenibles. Objeto de la licitaci\u00f3n El objeto de la presente licitaci\u00f3n es [&hellip;]\" \/>\n<meta property=\"og:url\" content=\"https:\/\/editorialpueblo.com\/index.php\/2026\/01\/27\/convocatoria-a-licitacion-para-el-arrendamiento-de-vehiculos\/\" \/>\n<meta property=\"og:site_name\" content=\"Empresa Editorial Pueblo y Educaci\u00f3n\" \/>\n<meta property=\"article:publisher\" content=\"https:\/\/www.facebook.com\/PuebloEditorial\/\" \/>\n<meta property=\"article:published_time\" content=\"2026-01-27T16:32:15+00:00\" \/>\n<meta property=\"article:modified_time\" content=\"2026-01-27T17:36:08+00:00\" \/>\n<meta property=\"og:image\" content=\"https:\/\/editorialpueblo.com\/wp-content\/uploads\/2026\/01\/ChatGPT-Image-27-ene-2026-10_57_29.png\" \/>\n\t<meta property=\"og:image:width\" content=\"1024\" \/>\n\t<meta property=\"og:image:height\" content=\"1024\" \/>\n\t<meta property=\"og:image:type\" content=\"image\/png\" \/>\n<meta name=\"author\" content=\"EPE Comunicaciones\" \/>\n<meta name=\"twitter:card\" content=\"summary_large_image\" \/>\n<meta name=\"twitter:creator\" content=\"@PuebloEditorial\" \/>\n<meta name=\"twitter:site\" content=\"@PuebloEditorial\" \/>\n<meta name=\"twitter:label1\" content=\"Escrito por\" \/>\n\t<meta name=\"twitter:data1\" content=\"EPE Comunicaciones\" \/>\n\t<meta name=\"twitter:label2\" content=\"Tiempo de lectura\" \/>\n\t<meta name=\"twitter:data2\" content=\"4 minutos\" \/>\n<script type=\"application\/ld+json\" class=\"yoast-schema-graph\">{\"@context\":\"https:\\\/\\\/schema.org\",\"@graph\":[{\"@type\":\"Article\",\"@id\":\"https:\\\/\\\/editorialpueblo.com\\\/index.php\\\/2026\\\/01\\\/27\\\/convocatoria-a-licitacion-para-el-arrendamiento-de-vehiculos\\\/#article\",\"isPartOf\":{\"@id\":\"https:\\\/\\\/editorialpueblo.com\\\/index.php\\\/2026\\\/01\\\/27\\\/convocatoria-a-licitacion-para-el-arrendamiento-de-vehiculos\\\/\"},\"author\":{\"name\":\"EPE Comunicaciones\",\"@id\":\"https:\\\/\\\/editorialpueblo.com\\\/#\\\/schema\\\/person\\\/22f665ca5fc5ae863c9fc87dd8b9503e\"},\"headline\":\"Convocatoria a Licitaci\u00f3n para el Arrendamiento de Veh\u00edculos\",\"datePublished\":\"2026-01-27T16:32:15+00:00\",\"dateModified\":\"2026-01-27T17:36:08+00:00\",\"mainEntityOfPage\":{\"@id\":\"https:\\\/\\\/editorialpueblo.com\\\/index.php\\\/2026\\\/01\\\/27\\\/convocatoria-a-licitacion-para-el-arrendamiento-de-vehiculos\\\/\"},\"wordCount\":621,\"commentCount\":0,\"publisher\":{\"@id\":\"https:\\\/\\\/editorialpueblo.com\\\/#organization\"},\"image\":{\"@id\":\"https:\\\/\\\/editorialpueblo.com\\\/index.php\\\/2026\\\/01\\\/27\\\/convocatoria-a-licitacion-para-el-arrendamiento-de-vehiculos\\\/#primaryimage\"},\"thumbnailUrl\":\"https:\\\/\\\/editorialpueblo.com\\\/wp-content\\\/uploads\\\/2026\\\/01\\\/ChatGPT-Image-27-ene-2026-10_57_29.png\",\"articleSection\":[\"LICITACION ABIERTA\"],\"inLanguage\":\"es\",\"potentialAction\":[{\"@type\":\"CommentAction\",\"name\":\"Comment\",\"target\":[\"https:\\\/\\\/editorialpueblo.com\\\/index.php\\\/2026\\\/01\\\/27\\\/convocatoria-a-licitacion-para-el-arrendamiento-de-vehiculos\\\/#respond\"]}]},{\"@type\":\"WebPage\",\"@id\":\"https:\\\/\\\/editorialpueblo.com\\\/index.php\\\/2026\\\/01\\\/27\\\/convocatoria-a-licitacion-para-el-arrendamiento-de-vehiculos\\\/\",\"url\":\"https:\\\/\\\/editorialpueblo.com\\\/index.php\\\/2026\\\/01\\\/27\\\/convocatoria-a-licitacion-para-el-arrendamiento-de-vehiculos\\\/\",\"name\":\"Convocatoria a Licitaci\u00f3n para el Arrendamiento de Veh\u00edculos - Empresa Editorial Pueblo y Educaci\u00f3n\",\"isPartOf\":{\"@id\":\"https:\\\/\\\/editorialpueblo.com\\\/#website\"},\"primaryImageOfPage\":{\"@id\":\"https:\\\/\\\/editorialpueblo.com\\\/index.php\\\/2026\\\/01\\\/27\\\/convocatoria-a-licitacion-para-el-arrendamiento-de-vehiculos\\\/#primaryimage\"},\"image\":{\"@id\":\"https:\\\/\\\/editorialpueblo.com\\\/index.php\\\/2026\\\/01\\\/27\\\/convocatoria-a-licitacion-para-el-arrendamiento-de-vehiculos\\\/#primaryimage\"},\"thumbnailUrl\":\"https:\\\/\\\/editorialpueblo.com\\\/wp-content\\\/uploads\\\/2026\\\/01\\\/ChatGPT-Image-27-ene-2026-10_57_29.png\",\"datePublished\":\"2026-01-27T16:32:15+00:00\",\"dateModified\":\"2026-01-27T17:36:08+00:00\",\"breadcrumb\":{\"@id\":\"https:\\\/\\\/editorialpueblo.com\\\/index.php\\\/2026\\\/01\\\/27\\\/convocatoria-a-licitacion-para-el-arrendamiento-de-vehiculos\\\/#breadcrumb\"},\"inLanguage\":\"es\",\"potentialAction\":[{\"@type\":\"ReadAction\",\"target\":[\"https:\\\/\\\/editorialpueblo.com\\\/index.php\\\/2026\\\/01\\\/27\\\/convocatoria-a-licitacion-para-el-arrendamiento-de-vehiculos\\\/\"]}]},{\"@type\":\"ImageObject\",\"inLanguage\":\"es\",\"@id\":\"https:\\\/\\\/editorialpueblo.com\\\/index.php\\\/2026\\\/01\\\/27\\\/convocatoria-a-licitacion-para-el-arrendamiento-de-vehiculos\\\/#primaryimage\",\"url\":\"https:\\\/\\\/editorialpueblo.com\\\/wp-content\\\/uploads\\\/2026\\\/01\\\/ChatGPT-Image-27-ene-2026-10_57_29.png\",\"contentUrl\":\"https:\\\/\\\/editorialpueblo.com\\\/wp-content\\\/uploads\\\/2026\\\/01\\\/ChatGPT-Image-27-ene-2026-10_57_29.png\",\"width\":1024,\"height\":1024},{\"@type\":\"BreadcrumbList\",\"@id\":\"https:\\\/\\\/editorialpueblo.com\\\/index.php\\\/2026\\\/01\\\/27\\\/convocatoria-a-licitacion-para-el-arrendamiento-de-vehiculos\\\/#breadcrumb\",\"itemListElement\":[{\"@type\":\"ListItem\",\"position\":1,\"name\":\"Home\",\"item\":\"https:\\\/\\\/editorialpueblo.com\\\/\"},{\"@type\":\"ListItem\",\"position\":2,\"name\":\"Convocatoria a Licitaci\u00f3n para el Arrendamiento de Veh\u00edculos\"}]},{\"@type\":\"WebSite\",\"@id\":\"https:\\\/\\\/editorialpueblo.com\\\/#website\",\"url\":\"https:\\\/\\\/editorialpueblo.com\\\/\",\"name\":\"Editorial Pueblo y Educaci\u00f3n\",\"description\":\"Empresa Editorial Pueblo y Educaci\u00f3n\",\"publisher\":{\"@id\":\"https:\\\/\\\/editorialpueblo.com\\\/#organization\"},\"potentialAction\":[{\"@type\":\"SearchAction\",\"target\":{\"@type\":\"EntryPoint\",\"urlTemplate\":\"https:\\\/\\\/editorialpueblo.com\\\/?s={search_term_string}\"},\"query-input\":{\"@type\":\"PropertyValueSpecification\",\"valueRequired\":true,\"valueName\":\"search_term_string\"}}],\"inLanguage\":\"es\"},{\"@type\":\"Organization\",\"@id\":\"https:\\\/\\\/editorialpueblo.com\\\/#organization\",\"name\":\"Editorial Pueblo y Educaci\u00f3n\",\"url\":\"https:\\\/\\\/editorialpueblo.com\\\/\",\"logo\":{\"@type\":\"ImageObject\",\"inLanguage\":\"es\",\"@id\":\"https:\\\/\\\/editorialpueblo.com\\\/#\\\/schema\\\/logo\\\/image\\\/\",\"url\":\"https:\\\/\\\/editorialpueblo.com\\\/wp-content\\\/uploads\\\/2023\\\/07\\\/logo-color-.png\",\"contentUrl\":\"https:\\\/\\\/editorialpueblo.com\\\/wp-content\\\/uploads\\\/2023\\\/07\\\/logo-color-.png\",\"width\":1215,\"height\":926,\"caption\":\"Editorial Pueblo y Educaci\u00f3n\"},\"image\":{\"@id\":\"https:\\\/\\\/editorialpueblo.com\\\/#\\\/schema\\\/logo\\\/image\\\/\"},\"sameAs\":[\"https:\\\/\\\/www.facebook.com\\\/PuebloEditorial\\\/\",\"https:\\\/\\\/x.com\\\/PuebloEditorial\"]},{\"@type\":\"Person\",\"@id\":\"https:\\\/\\\/editorialpueblo.com\\\/#\\\/schema\\\/person\\\/22f665ca5fc5ae863c9fc87dd8b9503e\",\"name\":\"EPE Comunicaciones\",\"image\":{\"@type\":\"ImageObject\",\"inLanguage\":\"es\",\"@id\":\"https:\\\/\\\/secure.gravatar.com\\\/avatar\\\/da8f6b13feb6c6e6bb94e2c9def4175234f34a1ad8b9a38144004a448e223a96?s=96&d=mm&r=g\",\"url\":\"https:\\\/\\\/secure.gravatar.com\\\/avatar\\\/da8f6b13feb6c6e6bb94e2c9def4175234f34a1ad8b9a38144004a448e223a96?s=96&d=mm&r=g\",\"contentUrl\":\"https:\\\/\\\/secure.gravatar.com\\\/avatar\\\/da8f6b13feb6c6e6bb94e2c9def4175234f34a1ad8b9a38144004a448e223a96?s=96&d=mm&r=g\",\"caption\":\"EPE Comunicaciones\"},\"url\":\"https:\\\/\\\/editorialpueblo.com\\\/index.php\\\/author\\\/epueblo\\\/\"}]}<\/script>\n<!-- \/ Yoast SEO plugin. -->","yoast_head_json":{"title":"Convocatoria a Licitaci\u00f3n para el Arrendamiento de Veh\u00edculos - Empresa Editorial Pueblo y Educaci\u00f3n","robots":{"index":"index","follow":"follow","max-snippet":"max-snippet:-1","max-image-preview":"max-image-preview:large","max-video-preview":"max-video-preview:-1"},"canonical":"https:\/\/editorialpueblo.com\/index.php\/2026\/01\/27\/convocatoria-a-licitacion-para-el-arrendamiento-de-vehiculos\/","og_locale":"es_ES","og_type":"article","og_title":"Convocatoria a Licitaci\u00f3n para el Arrendamiento de Veh\u00edculos - Empresa Editorial Pueblo y Educaci\u00f3n","og_description":"En cumplimiento de lo establecido, la EMPRESA EDITORIAL PUEBLO Y EDUCACI\u00d3N convoca a licitaci\u00f3n p\u00fablica para el arrendamiento de veh\u00edculos disponibles en su parque automotor, con el objetivo de fomentar alianzas estrat\u00e9gicas, optimizar el uso de sus activos y generar oportunidades de negocio sostenibles. Objeto de la licitaci\u00f3n El objeto de la presente licitaci\u00f3n es [&hellip;]","og_url":"https:\/\/editorialpueblo.com\/index.php\/2026\/01\/27\/convocatoria-a-licitacion-para-el-arrendamiento-de-vehiculos\/","og_site_name":"Empresa Editorial Pueblo y Educaci\u00f3n","article_publisher":"https:\/\/www.facebook.com\/PuebloEditorial\/","article_published_time":"2026-01-27T16:32:15+00:00","article_modified_time":"2026-01-27T17:36:08+00:00","og_image":[{"width":1024,"height":1024,"url":"https:\/\/editorialpueblo.com\/wp-content\/uploads\/2026\/01\/ChatGPT-Image-27-ene-2026-10_57_29.png","type":"image\/png"}],"author":"EPE Comunicaciones","twitter_card":"summary_large_image","twitter_creator":"@PuebloEditorial","twitter_site":"@PuebloEditorial","twitter_misc":{"Escrito por":"EPE Comunicaciones","Tiempo de lectura":"4 minutos"},"schema":{"@context":"https:\/\/schema.org","@graph":[{"@type":"Article","@id":"https:\/\/editorialpueblo.com\/index.php\/2026\/01\/27\/convocatoria-a-licitacion-para-el-arrendamiento-de-vehiculos\/#article","isPartOf":{"@id":"https:\/\/editorialpueblo.com\/index.php\/2026\/01\/27\/convocatoria-a-licitacion-para-el-arrendamiento-de-vehiculos\/"},"author":{"name":"EPE Comunicaciones","@id":"https:\/\/editorialpueblo.com\/#\/schema\/person\/22f665ca5fc5ae863c9fc87dd8b9503e"},"headline":"Convocatoria a Licitaci\u00f3n para el Arrendamiento de Veh\u00edculos","datePublished":"2026-01-27T16:32:15+00:00","dateModified":"2026-01-27T17:36:08+00:00","mainEntityOfPage":{"@id":"https:\/\/editorialpueblo.com\/index.php\/2026\/01\/27\/convocatoria-a-licitacion-para-el-arrendamiento-de-vehiculos\/"},"wordCount":621,"commentCount":0,"publisher":{"@id":"https:\/\/editorialpueblo.com\/#organization"},"image":{"@id":"https:\/\/editorialpueblo.com\/index.php\/2026\/01\/27\/convocatoria-a-licitacion-para-el-arrendamiento-de-vehiculos\/#primaryimage"},"thumbnailUrl":"https:\/\/editorialpueblo.com\/wp-content\/uploads\/2026\/01\/ChatGPT-Image-27-ene-2026-10_57_29.png","articleSection":["LICITACION ABIERTA"],"inLanguage":"es","potentialAction":[{"@type":"CommentAction","name":"Comment","target":["https:\/\/editorialpueblo.com\/index.php\/2026\/01\/27\/convocatoria-a-licitacion-para-el-arrendamiento-de-vehiculos\/#respond"]}]},{"@type":"WebPage","@id":"https:\/\/editorialpueblo.com\/index.php\/2026\/01\/27\/convocatoria-a-licitacion-para-el-arrendamiento-de-vehiculos\/","url":"https:\/\/editorialpueblo.com\/index.php\/2026\/01\/27\/convocatoria-a-licitacion-para-el-arrendamiento-de-vehiculos\/","name":"Convocatoria a Licitaci\u00f3n para el Arrendamiento de Veh\u00edculos - Empresa Editorial Pueblo y Educaci\u00f3n","isPartOf":{"@id":"https:\/\/editorialpueblo.com\/#website"},"primaryImageOfPage":{"@id":"https:\/\/editorialpueblo.com\/index.php\/2026\/01\/27\/convocatoria-a-licitacion-para-el-arrendamiento-de-vehiculos\/#primaryimage"},"image":{"@id":"https:\/\/editorialpueblo.com\/index.php\/2026\/01\/27\/convocatoria-a-licitacion-para-el-arrendamiento-de-vehiculos\/#primaryimage"},"thumbnailUrl":"https:\/\/editorialpueblo.com\/wp-content\/uploads\/2026\/01\/ChatGPT-Image-27-ene-2026-10_57_29.png","datePublished":"2026-01-27T16:32:15+00:00","dateModified":"2026-01-27T17:36:08+00:00","breadcrumb":{"@id":"https:\/\/editorialpueblo.com\/index.php\/2026\/01\/27\/convocatoria-a-licitacion-para-el-arrendamiento-de-vehiculos\/#breadcrumb"},"inLanguage":"es","potentialAction":[{"@type":"ReadAction","target":["https:\/\/editorialpueblo.com\/index.php\/2026\/01\/27\/convocatoria-a-licitacion-para-el-arrendamiento-de-vehiculos\/"]}]},{"@type":"ImageObject","inLanguage":"es","@id":"https:\/\/editorialpueblo.com\/index.php\/2026\/01\/27\/convocatoria-a-licitacion-para-el-arrendamiento-de-vehiculos\/#primaryimage","url":"https:\/\/editorialpueblo.com\/wp-content\/uploads\/2026\/01\/ChatGPT-Image-27-ene-2026-10_57_29.png","contentUrl":"https:\/\/editorialpueblo.com\/wp-content\/uploads\/2026\/01\/ChatGPT-Image-27-ene-2026-10_57_29.png","width":1024,"height":1024},{"@type":"BreadcrumbList","@id":"https:\/\/editorialpueblo.com\/index.php\/2026\/01\/27\/convocatoria-a-licitacion-para-el-arrendamiento-de-vehiculos\/#breadcrumb","itemListElement":[{"@type":"ListItem","position":1,"name":"Home","item":"https:\/\/editorialpueblo.com\/"},{"@type":"ListItem","position":2,"name":"Convocatoria a Licitaci\u00f3n para el Arrendamiento de Veh\u00edculos"}]},{"@type":"WebSite","@id":"https:\/\/editorialpueblo.com\/#website","url":"https:\/\/editorialpueblo.com\/","name":"Editorial Pueblo y Educaci\u00f3n","description":"Empresa Editorial Pueblo y Educaci\u00f3n","publisher":{"@id":"https:\/\/editorialpueblo.com\/#organization"},"potentialAction":[{"@type":"SearchAction","target":{"@type":"EntryPoint","urlTemplate":"https:\/\/editorialpueblo.com\/?s={search_term_string}"},"query-input":{"@type":"PropertyValueSpecification","valueRequired":true,"valueName":"search_term_string"}}],"inLanguage":"es"},{"@type":"Organization","@id":"https:\/\/editorialpueblo.com\/#organization","name":"Editorial Pueblo y Educaci\u00f3n","url":"https:\/\/editorialpueblo.com\/","logo":{"@type":"ImageObject","inLanguage":"es","@id":"https:\/\/editorialpueblo.com\/#\/schema\/logo\/image\/","url":"https:\/\/editorialpueblo.com\/wp-content\/uploads\/2023\/07\/logo-color-.png","contentUrl":"https:\/\/editorialpueblo.com\/wp-content\/uploads\/2023\/07\/logo-color-.png","width":1215,"height":926,"caption":"Editorial Pueblo y Educaci\u00f3n"},"image":{"@id":"https:\/\/editorialpueblo.com\/#\/schema\/logo\/image\/"},"sameAs":["https:\/\/www.facebook.com\/PuebloEditorial\/","https:\/\/x.com\/PuebloEditorial"]},{"@type":"Person","@id":"https:\/\/editorialpueblo.com\/#\/schema\/person\/22f665ca5fc5ae863c9fc87dd8b9503e","name":"EPE Comunicaciones","image":{"@type":"ImageObject","inLanguage":"es","@id":"https:\/\/secure.gravatar.com\/avatar\/da8f6b13feb6c6e6bb94e2c9def4175234f34a1ad8b9a38144004a448e223a96?s=96&d=mm&r=g","url":"https:\/\/secure.gravatar.com\/avatar\/da8f6b13feb6c6e6bb94e2c9def4175234f34a1ad8b9a38144004a448e223a96?s=96&d=mm&r=g","contentUrl":"https:\/\/secure.gravatar.com\/avatar\/da8f6b13feb6c6e6bb94e2c9def4175234f34a1ad8b9a38144004a448e223a96?s=96&d=mm&r=g","caption":"EPE Comunicaciones"},"url":"https:\/\/editorialpueblo.com\/index.php\/author\/epueblo\/"}]}},"_links":{"self":[{"href":"https:\/\/editorialpueblo.com\/index.php\/wp-json\/wp\/v2\/posts\/2001","targetHints":{"allow":["GET"]}}],"collection":[{"href":"https:\/\/editorialpueblo.com\/index.php\/wp-json\/wp\/v2\/posts"}],"about":[{"href":"https:\/\/editorialpueblo.com\/index.php\/wp-json\/wp\/v2\/types\/post"}],"author":[{"embeddable":true,"href":"https:\/\/editorialpueblo.com\/index.php\/wp-json\/wp\/v2\/users\/3"}],"replies":[{"embeddable":true,"href":"https:\/\/editorialpueblo.com\/index.php\/wp-json\/wp\/v2\/comments?post=2001"}],"version-history":[{"count":3,"href":"https:\/\/editorialpueblo.com\/index.php\/wp-json\/wp\/v2\/posts\/2001\/revisions"}],"predecessor-version":[{"id":2016,"href":"https:\/\/editorialpueblo.com\/index.php\/wp-json\/wp\/v2\/posts\/2001\/revisions\/2016"}],"wp:featuredmedia":[{"embeddable":true,"href":"https:\/\/editorialpueblo.com\/index.php\/wp-json\/wp\/v2\/media\/2002"}],"wp:attachment":[{"href":"https:\/\/editorialpueblo.com\/index.php\/wp-json\/wp\/v2\/media?parent=2001"}],"wp:term":[{"taxonomy":"category","embeddable":true,"href":"https:\/\/editorialpueblo.com\/index.php\/wp-json\/wp\/v2\/categories?post=2001"},{"taxonomy":"post_tag","embeddable":true,"href":"https:\/\/editorialpueblo.com\/index.php\/wp-json\/wp\/v2\/tags?post=2001"}],"curies":[{"name":"wp","href":"https:\/\/api.w.org\/{rel}","templated":true}]}}