{"id":1940,"date":"2025-09-29T22:07:14","date_gmt":"2025-09-30T02:07:14","guid":{"rendered":"https:\/\/editorialpueblo.com\/?p=1940"},"modified":"2026-01-27T12:02:36","modified_gmt":"2026-01-27T16:02:36","slug":"convocatoria-a-licitacion-para-el-arrendamiento-de-locales","status":"publish","type":"post","link":"https:\/\/editorialpueblo.com\/index.php\/2025\/09\/29\/convocatoria-a-licitacion-para-el-arrendamiento-de-locales\/","title":{"rendered":"Convocatoria a Licitaci\u00f3n para el Arrendamiento de Locales [CERRADA]"},"content":{"rendered":"\n<figure class=\"wp-block-image size-full\"><img fetchpriority=\"high\" decoding=\"async\" width=\"1024\" height=\"1024\" src=\"https:\/\/editorialpueblo.com\/wp-content\/uploads\/2025\/09\/Generated-Image-September-27-2025-9_26PM.png\" alt=\"\" class=\"wp-image-1941\" style=\"aspect-ratio:16\/9;object-fit:cover\" srcset=\"https:\/\/editorialpueblo.com\/wp-content\/uploads\/2025\/09\/Generated-Image-September-27-2025-9_26PM.png 1024w, https:\/\/editorialpueblo.com\/wp-content\/uploads\/2025\/09\/Generated-Image-September-27-2025-9_26PM-300x300.png 300w, https:\/\/editorialpueblo.com\/wp-content\/uploads\/2025\/09\/Generated-Image-September-27-2025-9_26PM-150x150.png 150w\" sizes=\"(max-width: 1024px) 100vw, 1024px\" \/><\/figure>\n\n\n\n<p><\/p>\n\n\n\n<p style=\"font-size:17px\">En cumplimiento de lo establecido, la EMPRESA EDITORIAL PUEBLO Y EDUCACI\u00d3N convoca a licitaci\u00f3n p\u00fablica para el arrendamiento de locales disponibles en sus instalaciones, con el objetivo de fomentar alianzas estrat\u00e9gicas y generar oportunidades de negocio sostenibles.<\/p>\n\n\n\n<h2 class=\"wp-block-heading\" style=\"font-size:24px\">Objeto de la licitaci\u00f3n<\/h2>\n\n\n\n<p>El objeto de la presente licitaci\u00f3n es el <strong>arrendamiento de tres oficinas ubicadas en 3ra A entre 46 y 60, Miramar, Playa y un Almac\u00e9n situado en Ave 29 F entre 114 y 114 A, Marianao <\/strong> destinados a actividades comerciales, de servicios o institucionales.<\/p>\n\n\n\n<h2 class=\"wp-block-heading\">Plazo de duraci\u00f3n de la licitaci\u00f3n<\/h2>\n\n\n\n<p>El proceso de licitaci\u00f3n tendr\u00e1 una duraci\u00f3n de <strong>10 d\u00edas<\/strong> h\u00e1biles, contados a partir de la fecha de publicaci\u00f3n de la presente convocatoria.<\/p>\n\n\n\n<h2 class=\"wp-block-heading\">Locales y Condiciones<\/h2>\n\n\n\n<p><strong>Locales disponibles<\/strong><\/p>\n\n\n\n<ul class=\"wp-block-list\">\n<li><strong>Tres oficinas en Miramar, Playa (3ra A entre 46 y 60):<\/strong>\n<ul class=\"wp-block-list\">\n<li>Oficina 01: 3.00 m x 3.75 m<\/li>\n\n\n\n<li>Oficina 02: 3.00 m x 3.25 m<\/li>\n\n\n\n<li>Oficina 03: 2.75 m x 3.75 m <br><br>Estos espacios, compactos y funcionales, son ideales para <strong>empresas que buscan presencia en una de las zonas m\u00e1s din\u00e1micas y prestigiosas de la capital<\/strong>, con excelente conectividad y un entorno profesional de alto nivel.<br><br>Condiciones econ\u00f3micas: las ofertas deber\u00e1n partir de un m\u00ednimo de <strong>2000 CUP por metro cuadrado<\/strong>,<\/li>\n<\/ul>\n<\/li>\n<\/ul>\n\n\n\n<p><\/p>\n\n\n\n<ul class=\"wp-block-list\">\n<li><strong>Almac\u00e9n en Marianao (Ave. 29 F entre 114 y 114 A):<\/strong>\n<ul class=\"wp-block-list\">\n<li>Superficie: <strong>1 192 m\u00b2<\/strong><\/li>\n\n\n\n<li>Seguridad: servicio permanente de <strong>agentes especializados<\/strong>, que garantizan protecci\u00f3n y control de acceso.<br><br>Condiciones econ\u00f3micas: las ofertas deber\u00e1n partir de un m\u00ednimo de <strong>4.11 euros por metro cuadrado<\/strong>, con la condici\u00f3n de que el pago se realice <strong>desde el exterior<\/strong>.<\/li>\n<\/ul>\n<\/li>\n<\/ul>\n\n\n\n<figure class=\"wp-block-gallery has-nested-images columns-default is-cropped wp-block-gallery-1 is-layout-flex wp-block-gallery-is-layout-flex\">\n<figure class=\"wp-block-image size-large\"><img decoding=\"async\" width=\"1020\" height=\"765\" data-id=\"1957\" src=\"https:\/\/editorialpueblo.com\/wp-content\/uploads\/2025\/09\/WhatsApp-Image-2025-09-04-at-09.05.42.jpeg\" alt=\"\" class=\"wp-image-1957\" srcset=\"https:\/\/editorialpueblo.com\/wp-content\/uploads\/2025\/09\/WhatsApp-Image-2025-09-04-at-09.05.42.jpeg 1020w, https:\/\/editorialpueblo.com\/wp-content\/uploads\/2025\/09\/WhatsApp-Image-2025-09-04-at-09.05.42-300x225.jpeg 300w, https:\/\/editorialpueblo.com\/wp-content\/uploads\/2025\/09\/WhatsApp-Image-2025-09-04-at-09.05.42-768x576.jpeg 768w, https:\/\/editorialpueblo.com\/wp-content\/uploads\/2025\/09\/WhatsApp-Image-2025-09-04-at-09.05.42-600x450.jpeg 600w\" sizes=\"(max-width: 1020px) 100vw, 1020px\" \/><\/figure>\n\n\n\n<figure class=\"wp-block-image size-large\"><img decoding=\"async\" width=\"1020\" height=\"765\" data-id=\"1956\" src=\"https:\/\/editorialpueblo.com\/wp-content\/uploads\/2025\/09\/WhatsApp-Image-2025-09-04-at-09.05.41-1.jpeg\" alt=\"\" class=\"wp-image-1956\" srcset=\"https:\/\/editorialpueblo.com\/wp-content\/uploads\/2025\/09\/WhatsApp-Image-2025-09-04-at-09.05.41-1.jpeg 1020w, https:\/\/editorialpueblo.com\/wp-content\/uploads\/2025\/09\/WhatsApp-Image-2025-09-04-at-09.05.41-1-300x225.jpeg 300w, https:\/\/editorialpueblo.com\/wp-content\/uploads\/2025\/09\/WhatsApp-Image-2025-09-04-at-09.05.41-1-768x576.jpeg 768w, https:\/\/editorialpueblo.com\/wp-content\/uploads\/2025\/09\/WhatsApp-Image-2025-09-04-at-09.05.41-1-600x450.jpeg 600w\" sizes=\"(max-width: 1020px) 100vw, 1020px\" \/><\/figure>\n\n\n\n<figure class=\"wp-block-image size-large\"><img loading=\"lazy\" decoding=\"async\" width=\"765\" height=\"1020\" data-id=\"1958\" src=\"https:\/\/editorialpueblo.com\/wp-content\/uploads\/2025\/09\/WhatsApp-Image-2025-09-04-at-09.05.41-2.jpeg\" alt=\"\" class=\"wp-image-1958\" srcset=\"https:\/\/editorialpueblo.com\/wp-content\/uploads\/2025\/09\/WhatsApp-Image-2025-09-04-at-09.05.41-2.jpeg 765w, https:\/\/editorialpueblo.com\/wp-content\/uploads\/2025\/09\/WhatsApp-Image-2025-09-04-at-09.05.41-2-225x300.jpeg 225w, https:\/\/editorialpueblo.com\/wp-content\/uploads\/2025\/09\/WhatsApp-Image-2025-09-04-at-09.05.41-2-600x800.jpeg 600w\" sizes=\"(max-width: 765px) 100vw, 765px\" \/><\/figure>\n<\/figure>\n\n\n\n<p><strong>Derechos y obligaciones esenciales<\/strong><\/p>\n\n\n\n<ul class=\"wp-block-list\">\n<li>El arrendatario contar\u00e1 con la <strong>entrega de los locales en condiciones \u00f3ptimas de uso<\/strong>, con acceso a servicios b\u00e1sicos y la posibilidad de personalizar los espacios seg\u00fan sus necesidades.<\/li>\n\n\n\n<li>La entidad arrendadora asegura un <strong>marco contractual transparente y confiable<\/strong>, respaldado por la normativa vigente.<\/li>\n\n\n\n<li>El arrendatario se compromete a <strong>utilizar los espacios para fines declarados y de impacto positivo<\/strong>, garantizando el cumplimiento de las obligaciones financieras y legales.<\/li>\n\n\n\n<li>No se permitir\u00e1 la cesi\u00f3n ni subarrendamiento sin autorizaci\u00f3n expresa, preservando as\u00ed la <strong>exclusividad y seriedad del acuerdo<\/strong>.<\/li>\n<\/ul>\n\n\n\n<h2 class=\"wp-block-heading\">Lugar y fecha de entrega de las ofertas<\/h2>\n\n\n\n<p>Las ofertas deber\u00e1n ser entregadas en sobres sellados en<strong> 3ra A entre 46 y 60, Miramar, Playa<\/strong>, en la oficina de Gestion Comercial, <strong>hasta el d\u00eda 9 de octubre de 2025 a las 5:00 PM<\/strong>.<\/p>\n\n\n\n<h2 class=\"wp-block-heading\">Lugar, fecha y hora de apertura de sobres<\/h2>\n\n\n\n<p>La apertura de los sobres sellados conteniendo las ofertas se realizar\u00e1 en <strong>[lugar de la entidad]<\/strong>, el d\u00eda <strong>[fecha] a las [hora]<\/strong>, en presencia de los representantes designados y de los oferentes que deseen asistir.<\/p>\n\n\n\n<h2 class=\"wp-block-heading\">M\u00e1s informaci\u00f3n <\/h2>\n\n\n\n<p>Comunicate con nuestra Directora de Negocios a trav\u00e9s de el numero <strong>+53 5 9969018<\/strong> o el correo <strong>epueblo@epe.gemined.cu<\/strong><\/p>\n\n\n\n<p><\/p>\n\n\n\n<p><\/p>\n","protected":false},"excerpt":{"rendered":"<p>En cumplimiento de lo establecido, la EMPRESA EDITORIAL PUEBLO Y EDUCACI\u00d3N convoca a licitaci\u00f3n p\u00fablica para el arrendamiento de locales disponibles en sus instalaciones, con el objetivo de fomentar alianzas estrat\u00e9gicas y generar oportunidades de negocio sostenibles. Objeto de la licitaci\u00f3n El objeto de la presente licitaci\u00f3n es el arrendamiento de tres oficinas ubicadas en [&hellip;]<\/p>\n","protected":false},"author":3,"featured_media":1941,"comment_status":"open","ping_status":"closed","sticky":false,"template":"","format":"standard","meta":{"footnotes":""},"categories":[49],"tags":[],"class_list":["post-1940","post","type-post","status-publish","format-standard","has-post-thumbnail","hentry","category-licitacion-cerrada"],"yoast_head":"<!-- This site is optimized with the Yoast SEO plugin v27.4 - https:\/\/yoast.com\/product\/yoast-seo-wordpress\/ -->\n<title>Convocatoria a Licitaci\u00f3n para el Arrendamiento de Locales [CERRADA] - Empresa Editorial Pueblo y Educaci\u00f3n<\/title>\n<meta name=\"robots\" content=\"index, follow, max-snippet:-1, max-image-preview:large, max-video-preview:-1\" \/>\n<link rel=\"canonical\" href=\"https:\/\/editorialpueblo.com\/index.php\/2025\/09\/29\/convocatoria-a-licitacion-para-el-arrendamiento-de-locales\/\" \/>\n<meta property=\"og:locale\" content=\"es_ES\" \/>\n<meta property=\"og:type\" content=\"article\" \/>\n<meta property=\"og:title\" content=\"Convocatoria a Licitaci\u00f3n para el Arrendamiento de Locales [CERRADA] - Empresa Editorial Pueblo y Educaci\u00f3n\" \/>\n<meta property=\"og:description\" content=\"En cumplimiento de lo establecido, la EMPRESA EDITORIAL PUEBLO Y EDUCACI\u00d3N convoca a licitaci\u00f3n p\u00fablica para el arrendamiento de locales disponibles en sus instalaciones, con el objetivo de fomentar alianzas estrat\u00e9gicas y generar oportunidades de negocio sostenibles. Objeto de la licitaci\u00f3n El objeto de la presente licitaci\u00f3n es el arrendamiento de tres oficinas ubicadas en [&hellip;]\" \/>\n<meta property=\"og:url\" content=\"https:\/\/editorialpueblo.com\/index.php\/2025\/09\/29\/convocatoria-a-licitacion-para-el-arrendamiento-de-locales\/\" \/>\n<meta property=\"og:site_name\" content=\"Empresa Editorial Pueblo y Educaci\u00f3n\" \/>\n<meta property=\"article:publisher\" content=\"https:\/\/www.facebook.com\/PuebloEditorial\/\" \/>\n<meta property=\"article:published_time\" content=\"2025-09-30T02:07:14+00:00\" \/>\n<meta property=\"article:modified_time\" content=\"2026-01-27T16:02:36+00:00\" \/>\n<meta property=\"og:image\" content=\"https:\/\/editorialpueblo.com\/wp-content\/uploads\/2025\/09\/Generated-Image-September-27-2025-9_26PM.png\" \/>\n\t<meta property=\"og:image:width\" content=\"1024\" \/>\n\t<meta property=\"og:image:height\" content=\"1024\" \/>\n\t<meta property=\"og:image:type\" content=\"image\/png\" \/>\n<meta name=\"author\" content=\"EPE Comunicaciones\" \/>\n<meta name=\"twitter:card\" content=\"summary_large_image\" \/>\n<meta name=\"twitter:creator\" content=\"@PuebloEditorial\" \/>\n<meta name=\"twitter:site\" content=\"@PuebloEditorial\" \/>\n<meta name=\"twitter:label1\" content=\"Escrito por\" \/>\n\t<meta name=\"twitter:data1\" content=\"EPE Comunicaciones\" \/>\n\t<meta name=\"twitter:label2\" content=\"Tiempo de lectura\" \/>\n\t<meta name=\"twitter:data2\" content=\"4 minutos\" \/>\n<script type=\"application\/ld+json\" class=\"yoast-schema-graph\">{\"@context\":\"https:\\\/\\\/schema.org\",\"@graph\":[{\"@type\":\"Article\",\"@id\":\"https:\\\/\\\/editorialpueblo.com\\\/index.php\\\/2025\\\/09\\\/29\\\/convocatoria-a-licitacion-para-el-arrendamiento-de-locales\\\/#article\",\"isPartOf\":{\"@id\":\"https:\\\/\\\/editorialpueblo.com\\\/index.php\\\/2025\\\/09\\\/29\\\/convocatoria-a-licitacion-para-el-arrendamiento-de-locales\\\/\"},\"author\":{\"name\":\"EPE Comunicaciones\",\"@id\":\"https:\\\/\\\/editorialpueblo.com\\\/#\\\/schema\\\/person\\\/22f665ca5fc5ae863c9fc87dd8b9503e\"},\"headline\":\"Convocatoria a Licitaci\u00f3n para el Arrendamiento de Locales [CERRADA]\",\"datePublished\":\"2025-09-30T02:07:14+00:00\",\"dateModified\":\"2026-01-27T16:02:36+00:00\",\"mainEntityOfPage\":{\"@id\":\"https:\\\/\\\/editorialpueblo.com\\\/index.php\\\/2025\\\/09\\\/29\\\/convocatoria-a-licitacion-para-el-arrendamiento-de-locales\\\/\"},\"wordCount\":467,\"commentCount\":0,\"publisher\":{\"@id\":\"https:\\\/\\\/editorialpueblo.com\\\/#organization\"},\"image\":{\"@id\":\"https:\\\/\\\/editorialpueblo.com\\\/index.php\\\/2025\\\/09\\\/29\\\/convocatoria-a-licitacion-para-el-arrendamiento-de-locales\\\/#primaryimage\"},\"thumbnailUrl\":\"https:\\\/\\\/editorialpueblo.com\\\/wp-content\\\/uploads\\\/2025\\\/09\\\/Generated-Image-September-27-2025-9_26PM.png\",\"articleSection\":[\"LICITACION CERRADA\"],\"inLanguage\":\"es\",\"potentialAction\":[{\"@type\":\"CommentAction\",\"name\":\"Comment\",\"target\":[\"https:\\\/\\\/editorialpueblo.com\\\/index.php\\\/2025\\\/09\\\/29\\\/convocatoria-a-licitacion-para-el-arrendamiento-de-locales\\\/#respond\"]}]},{\"@type\":\"WebPage\",\"@id\":\"https:\\\/\\\/editorialpueblo.com\\\/index.php\\\/2025\\\/09\\\/29\\\/convocatoria-a-licitacion-para-el-arrendamiento-de-locales\\\/\",\"url\":\"https:\\\/\\\/editorialpueblo.com\\\/index.php\\\/2025\\\/09\\\/29\\\/convocatoria-a-licitacion-para-el-arrendamiento-de-locales\\\/\",\"name\":\"Convocatoria a Licitaci\u00f3n para el Arrendamiento de Locales [CERRADA] - Empresa Editorial Pueblo y Educaci\u00f3n\",\"isPartOf\":{\"@id\":\"https:\\\/\\\/editorialpueblo.com\\\/#website\"},\"primaryImageOfPage\":{\"@id\":\"https:\\\/\\\/editorialpueblo.com\\\/index.php\\\/2025\\\/09\\\/29\\\/convocatoria-a-licitacion-para-el-arrendamiento-de-locales\\\/#primaryimage\"},\"image\":{\"@id\":\"https:\\\/\\\/editorialpueblo.com\\\/index.php\\\/2025\\\/09\\\/29\\\/convocatoria-a-licitacion-para-el-arrendamiento-de-locales\\\/#primaryimage\"},\"thumbnailUrl\":\"https:\\\/\\\/editorialpueblo.com\\\/wp-content\\\/uploads\\\/2025\\\/09\\\/Generated-Image-September-27-2025-9_26PM.png\",\"datePublished\":\"2025-09-30T02:07:14+00:00\",\"dateModified\":\"2026-01-27T16:02:36+00:00\",\"breadcrumb\":{\"@id\":\"https:\\\/\\\/editorialpueblo.com\\\/index.php\\\/2025\\\/09\\\/29\\\/convocatoria-a-licitacion-para-el-arrendamiento-de-locales\\\/#breadcrumb\"},\"inLanguage\":\"es\",\"potentialAction\":[{\"@type\":\"ReadAction\",\"target\":[\"https:\\\/\\\/editorialpueblo.com\\\/index.php\\\/2025\\\/09\\\/29\\\/convocatoria-a-licitacion-para-el-arrendamiento-de-locales\\\/\"]}]},{\"@type\":\"ImageObject\",\"inLanguage\":\"es\",\"@id\":\"https:\\\/\\\/editorialpueblo.com\\\/index.php\\\/2025\\\/09\\\/29\\\/convocatoria-a-licitacion-para-el-arrendamiento-de-locales\\\/#primaryimage\",\"url\":\"https:\\\/\\\/editorialpueblo.com\\\/wp-content\\\/uploads\\\/2025\\\/09\\\/Generated-Image-September-27-2025-9_26PM.png\",\"contentUrl\":\"https:\\\/\\\/editorialpueblo.com\\\/wp-content\\\/uploads\\\/2025\\\/09\\\/Generated-Image-September-27-2025-9_26PM.png\",\"width\":1024,\"height\":1024},{\"@type\":\"BreadcrumbList\",\"@id\":\"https:\\\/\\\/editorialpueblo.com\\\/index.php\\\/2025\\\/09\\\/29\\\/convocatoria-a-licitacion-para-el-arrendamiento-de-locales\\\/#breadcrumb\",\"itemListElement\":[{\"@type\":\"ListItem\",\"position\":1,\"name\":\"Home\",\"item\":\"https:\\\/\\\/editorialpueblo.com\\\/\"},{\"@type\":\"ListItem\",\"position\":2,\"name\":\"Convocatoria a Licitaci\u00f3n para el Arrendamiento de Locales [CERRADA]\"}]},{\"@type\":\"WebSite\",\"@id\":\"https:\\\/\\\/editorialpueblo.com\\\/#website\",\"url\":\"https:\\\/\\\/editorialpueblo.com\\\/\",\"name\":\"Editorial Pueblo y Educaci\u00f3n\",\"description\":\"Empresa Editorial Pueblo y Educaci\u00f3n\",\"publisher\":{\"@id\":\"https:\\\/\\\/editorialpueblo.com\\\/#organization\"},\"potentialAction\":[{\"@type\":\"SearchAction\",\"target\":{\"@type\":\"EntryPoint\",\"urlTemplate\":\"https:\\\/\\\/editorialpueblo.com\\\/?s={search_term_string}\"},\"query-input\":{\"@type\":\"PropertyValueSpecification\",\"valueRequired\":true,\"valueName\":\"search_term_string\"}}],\"inLanguage\":\"es\"},{\"@type\":\"Organization\",\"@id\":\"https:\\\/\\\/editorialpueblo.com\\\/#organization\",\"name\":\"Editorial Pueblo y Educaci\u00f3n\",\"url\":\"https:\\\/\\\/editorialpueblo.com\\\/\",\"logo\":{\"@type\":\"ImageObject\",\"inLanguage\":\"es\",\"@id\":\"https:\\\/\\\/editorialpueblo.com\\\/#\\\/schema\\\/logo\\\/image\\\/\",\"url\":\"https:\\\/\\\/editorialpueblo.com\\\/wp-content\\\/uploads\\\/2023\\\/07\\\/logo-color-.png\",\"contentUrl\":\"https:\\\/\\\/editorialpueblo.com\\\/wp-content\\\/uploads\\\/2023\\\/07\\\/logo-color-.png\",\"width\":1215,\"height\":926,\"caption\":\"Editorial Pueblo y Educaci\u00f3n\"},\"image\":{\"@id\":\"https:\\\/\\\/editorialpueblo.com\\\/#\\\/schema\\\/logo\\\/image\\\/\"},\"sameAs\":[\"https:\\\/\\\/www.facebook.com\\\/PuebloEditorial\\\/\",\"https:\\\/\\\/x.com\\\/PuebloEditorial\"]},{\"@type\":\"Person\",\"@id\":\"https:\\\/\\\/editorialpueblo.com\\\/#\\\/schema\\\/person\\\/22f665ca5fc5ae863c9fc87dd8b9503e\",\"name\":\"EPE Comunicaciones\",\"image\":{\"@type\":\"ImageObject\",\"inLanguage\":\"es\",\"@id\":\"https:\\\/\\\/secure.gravatar.com\\\/avatar\\\/da8f6b13feb6c6e6bb94e2c9def4175234f34a1ad8b9a38144004a448e223a96?s=96&d=mm&r=g\",\"url\":\"https:\\\/\\\/secure.gravatar.com\\\/avatar\\\/da8f6b13feb6c6e6bb94e2c9def4175234f34a1ad8b9a38144004a448e223a96?s=96&d=mm&r=g\",\"contentUrl\":\"https:\\\/\\\/secure.gravatar.com\\\/avatar\\\/da8f6b13feb6c6e6bb94e2c9def4175234f34a1ad8b9a38144004a448e223a96?s=96&d=mm&r=g\",\"caption\":\"EPE Comunicaciones\"},\"url\":\"https:\\\/\\\/editorialpueblo.com\\\/index.php\\\/author\\\/epueblo\\\/\"}]}<\/script>\n<!-- \/ Yoast SEO plugin. -->","yoast_head_json":{"title":"Convocatoria a Licitaci\u00f3n para el Arrendamiento de Locales [CERRADA] - Empresa Editorial Pueblo y Educaci\u00f3n","robots":{"index":"index","follow":"follow","max-snippet":"max-snippet:-1","max-image-preview":"max-image-preview:large","max-video-preview":"max-video-preview:-1"},"canonical":"https:\/\/editorialpueblo.com\/index.php\/2025\/09\/29\/convocatoria-a-licitacion-para-el-arrendamiento-de-locales\/","og_locale":"es_ES","og_type":"article","og_title":"Convocatoria a Licitaci\u00f3n para el Arrendamiento de Locales [CERRADA] - Empresa Editorial Pueblo y Educaci\u00f3n","og_description":"En cumplimiento de lo establecido, la EMPRESA EDITORIAL PUEBLO Y EDUCACI\u00d3N convoca a licitaci\u00f3n p\u00fablica para el arrendamiento de locales disponibles en sus instalaciones, con el objetivo de fomentar alianzas estrat\u00e9gicas y generar oportunidades de negocio sostenibles. Objeto de la licitaci\u00f3n El objeto de la presente licitaci\u00f3n es el arrendamiento de tres oficinas ubicadas en [&hellip;]","og_url":"https:\/\/editorialpueblo.com\/index.php\/2025\/09\/29\/convocatoria-a-licitacion-para-el-arrendamiento-de-locales\/","og_site_name":"Empresa Editorial Pueblo y Educaci\u00f3n","article_publisher":"https:\/\/www.facebook.com\/PuebloEditorial\/","article_published_time":"2025-09-30T02:07:14+00:00","article_modified_time":"2026-01-27T16:02:36+00:00","og_image":[{"width":1024,"height":1024,"url":"https:\/\/editorialpueblo.com\/wp-content\/uploads\/2025\/09\/Generated-Image-September-27-2025-9_26PM.png","type":"image\/png"}],"author":"EPE Comunicaciones","twitter_card":"summary_large_image","twitter_creator":"@PuebloEditorial","twitter_site":"@PuebloEditorial","twitter_misc":{"Escrito por":"EPE Comunicaciones","Tiempo de lectura":"4 minutos"},"schema":{"@context":"https:\/\/schema.org","@graph":[{"@type":"Article","@id":"https:\/\/editorialpueblo.com\/index.php\/2025\/09\/29\/convocatoria-a-licitacion-para-el-arrendamiento-de-locales\/#article","isPartOf":{"@id":"https:\/\/editorialpueblo.com\/index.php\/2025\/09\/29\/convocatoria-a-licitacion-para-el-arrendamiento-de-locales\/"},"author":{"name":"EPE Comunicaciones","@id":"https:\/\/editorialpueblo.com\/#\/schema\/person\/22f665ca5fc5ae863c9fc87dd8b9503e"},"headline":"Convocatoria a Licitaci\u00f3n para el Arrendamiento de Locales [CERRADA]","datePublished":"2025-09-30T02:07:14+00:00","dateModified":"2026-01-27T16:02:36+00:00","mainEntityOfPage":{"@id":"https:\/\/editorialpueblo.com\/index.php\/2025\/09\/29\/convocatoria-a-licitacion-para-el-arrendamiento-de-locales\/"},"wordCount":467,"commentCount":0,"publisher":{"@id":"https:\/\/editorialpueblo.com\/#organization"},"image":{"@id":"https:\/\/editorialpueblo.com\/index.php\/2025\/09\/29\/convocatoria-a-licitacion-para-el-arrendamiento-de-locales\/#primaryimage"},"thumbnailUrl":"https:\/\/editorialpueblo.com\/wp-content\/uploads\/2025\/09\/Generated-Image-September-27-2025-9_26PM.png","articleSection":["LICITACION CERRADA"],"inLanguage":"es","potentialAction":[{"@type":"CommentAction","name":"Comment","target":["https:\/\/editorialpueblo.com\/index.php\/2025\/09\/29\/convocatoria-a-licitacion-para-el-arrendamiento-de-locales\/#respond"]}]},{"@type":"WebPage","@id":"https:\/\/editorialpueblo.com\/index.php\/2025\/09\/29\/convocatoria-a-licitacion-para-el-arrendamiento-de-locales\/","url":"https:\/\/editorialpueblo.com\/index.php\/2025\/09\/29\/convocatoria-a-licitacion-para-el-arrendamiento-de-locales\/","name":"Convocatoria a Licitaci\u00f3n para el Arrendamiento de Locales [CERRADA] - Empresa Editorial Pueblo y Educaci\u00f3n","isPartOf":{"@id":"https:\/\/editorialpueblo.com\/#website"},"primaryImageOfPage":{"@id":"https:\/\/editorialpueblo.com\/index.php\/2025\/09\/29\/convocatoria-a-licitacion-para-el-arrendamiento-de-locales\/#primaryimage"},"image":{"@id":"https:\/\/editorialpueblo.com\/index.php\/2025\/09\/29\/convocatoria-a-licitacion-para-el-arrendamiento-de-locales\/#primaryimage"},"thumbnailUrl":"https:\/\/editorialpueblo.com\/wp-content\/uploads\/2025\/09\/Generated-Image-September-27-2025-9_26PM.png","datePublished":"2025-09-30T02:07:14+00:00","dateModified":"2026-01-27T16:02:36+00:00","breadcrumb":{"@id":"https:\/\/editorialpueblo.com\/index.php\/2025\/09\/29\/convocatoria-a-licitacion-para-el-arrendamiento-de-locales\/#breadcrumb"},"inLanguage":"es","potentialAction":[{"@type":"ReadAction","target":["https:\/\/editorialpueblo.com\/index.php\/2025\/09\/29\/convocatoria-a-licitacion-para-el-arrendamiento-de-locales\/"]}]},{"@type":"ImageObject","inLanguage":"es","@id":"https:\/\/editorialpueblo.com\/index.php\/2025\/09\/29\/convocatoria-a-licitacion-para-el-arrendamiento-de-locales\/#primaryimage","url":"https:\/\/editorialpueblo.com\/wp-content\/uploads\/2025\/09\/Generated-Image-September-27-2025-9_26PM.png","contentUrl":"https:\/\/editorialpueblo.com\/wp-content\/uploads\/2025\/09\/Generated-Image-September-27-2025-9_26PM.png","width":1024,"height":1024},{"@type":"BreadcrumbList","@id":"https:\/\/editorialpueblo.com\/index.php\/2025\/09\/29\/convocatoria-a-licitacion-para-el-arrendamiento-de-locales\/#breadcrumb","itemListElement":[{"@type":"ListItem","position":1,"name":"Home","item":"https:\/\/editorialpueblo.com\/"},{"@type":"ListItem","position":2,"name":"Convocatoria a Licitaci\u00f3n para el Arrendamiento de Locales [CERRADA]"}]},{"@type":"WebSite","@id":"https:\/\/editorialpueblo.com\/#website","url":"https:\/\/editorialpueblo.com\/","name":"Editorial Pueblo y Educaci\u00f3n","description":"Empresa Editorial Pueblo y Educaci\u00f3n","publisher":{"@id":"https:\/\/editorialpueblo.com\/#organization"},"potentialAction":[{"@type":"SearchAction","target":{"@type":"EntryPoint","urlTemplate":"https:\/\/editorialpueblo.com\/?s={search_term_string}"},"query-input":{"@type":"PropertyValueSpecification","valueRequired":true,"valueName":"search_term_string"}}],"inLanguage":"es"},{"@type":"Organization","@id":"https:\/\/editorialpueblo.com\/#organization","name":"Editorial Pueblo y Educaci\u00f3n","url":"https:\/\/editorialpueblo.com\/","logo":{"@type":"ImageObject","inLanguage":"es","@id":"https:\/\/editorialpueblo.com\/#\/schema\/logo\/image\/","url":"https:\/\/editorialpueblo.com\/wp-content\/uploads\/2023\/07\/logo-color-.png","contentUrl":"https:\/\/editorialpueblo.com\/wp-content\/uploads\/2023\/07\/logo-color-.png","width":1215,"height":926,"caption":"Editorial Pueblo y Educaci\u00f3n"},"image":{"@id":"https:\/\/editorialpueblo.com\/#\/schema\/logo\/image\/"},"sameAs":["https:\/\/www.facebook.com\/PuebloEditorial\/","https:\/\/x.com\/PuebloEditorial"]},{"@type":"Person","@id":"https:\/\/editorialpueblo.com\/#\/schema\/person\/22f665ca5fc5ae863c9fc87dd8b9503e","name":"EPE Comunicaciones","image":{"@type":"ImageObject","inLanguage":"es","@id":"https:\/\/secure.gravatar.com\/avatar\/da8f6b13feb6c6e6bb94e2c9def4175234f34a1ad8b9a38144004a448e223a96?s=96&d=mm&r=g","url":"https:\/\/secure.gravatar.com\/avatar\/da8f6b13feb6c6e6bb94e2c9def4175234f34a1ad8b9a38144004a448e223a96?s=96&d=mm&r=g","contentUrl":"https:\/\/secure.gravatar.com\/avatar\/da8f6b13feb6c6e6bb94e2c9def4175234f34a1ad8b9a38144004a448e223a96?s=96&d=mm&r=g","caption":"EPE Comunicaciones"},"url":"https:\/\/editorialpueblo.com\/index.php\/author\/epueblo\/"}]}},"_links":{"self":[{"href":"https:\/\/editorialpueblo.com\/index.php\/wp-json\/wp\/v2\/posts\/1940","targetHints":{"allow":["GET"]}}],"collection":[{"href":"https:\/\/editorialpueblo.com\/index.php\/wp-json\/wp\/v2\/posts"}],"about":[{"href":"https:\/\/editorialpueblo.com\/index.php\/wp-json\/wp\/v2\/types\/post"}],"author":[{"embeddable":true,"href":"https:\/\/editorialpueblo.com\/index.php\/wp-json\/wp\/v2\/users\/3"}],"replies":[{"embeddable":true,"href":"https:\/\/editorialpueblo.com\/index.php\/wp-json\/wp\/v2\/comments?post=1940"}],"version-history":[{"count":17,"href":"https:\/\/editorialpueblo.com\/index.php\/wp-json\/wp\/v2\/posts\/1940\/revisions"}],"predecessor-version":[{"id":1999,"href":"https:\/\/editorialpueblo.com\/index.php\/wp-json\/wp\/v2\/posts\/1940\/revisions\/1999"}],"wp:featuredmedia":[{"embeddable":true,"href":"https:\/\/editorialpueblo.com\/index.php\/wp-json\/wp\/v2\/media\/1941"}],"wp:attachment":[{"href":"https:\/\/editorialpueblo.com\/index.php\/wp-json\/wp\/v2\/media?parent=1940"}],"wp:term":[{"taxonomy":"category","embeddable":true,"href":"https:\/\/editorialpueblo.com\/index.php\/wp-json\/wp\/v2\/categories?post=1940"},{"taxonomy":"post_tag","embeddable":true,"href":"https:\/\/editorialpueblo.com\/index.php\/wp-json\/wp\/v2\/tags?post=1940"}],"curies":[{"name":"wp","href":"https:\/\/api.w.org\/{rel}","templated":true}]}}